{"id":6543,"date":"2024-03-03T19:10:39","date_gmt":"2024-03-03T18:10:39","guid":{"rendered":"https:\/\/www.feuerwehr-emtinghausen.de\/?p=6543"},"modified":"2024-04-12T09:28:19","modified_gmt":"2024-04-12T07:28:19","slug":"jahreshauptversammlung-2024","status":"publish","type":"post","link":"https:\/\/www.feuerwehr-emtinghausen.de\/index.php\/2024\/03\/03\/jahreshauptversammlung-2024\/","title":{"rendered":"Jahreshauptversammlung 2024"},"content":{"rendered":"\n<p><strong>[03.03.2024]<\/strong> &#8211;  Am Freitag, 23.02.24 hat sich die Feuerwehr Emtinghausen zu ihrer letzten<br>Jahreshauptversammlung getroffen. Mit \u00fcber 50 Personen war diese wieder sehr gut besucht.<br>Im Jahr 2023 wurde viel geleistet. Neben 12 Eins\u00e4tzen wurden 18 Lehrg\u00e4nge besucht und 17<br>Termine und Veranstaltungen durchgef\u00fchrt. Dazu kamen noch diverse Versammlungen und jede<br>Woche 2-mal Dienstabende in 2 Gruppen. Das waren dann fast 6000 Dienststunden die von den<br>48 Aktiven, 11 Jugendlichen und 14 Senioren abgeleistet worden.<br>Die Berichte der Funktionstr\u00e4ger zeugten von einem hohen Ausbildungsstand und viel<br>Engagement der Kameraden.<br>Auch f\u00fcr 2024 stehen wieder viele Termine und Veranstaltungen an. Eine gro\u00dfe Herausforderung<br>wird dann im April die Aufl\u00f6sung und Neugr\u00fcndung der Feuerwehren Bahlum und Emtinghausen<br>zu einer neuen Feuerwehr Emtinghausen-Bahlum sein. Zu diesem Schritt haben sich beide<br>Wehren entschlossen. \u00dcber diese Entscheidung werden wir im April ausf\u00fchrlich berichten.<br>Ein H\u00f6hepunkt jeder Jahreshauptversammlung sind immer die Bef\u00f6rderungen und Ehrungen.<br>Dieses Jahr wurden:<\/p>\n\n\n\n<p>vom Stellvertretenden Gemeindebrandmeister Kai H\u00fcbner wurden folgende Personen ernannt: <\/p>\n\n\n\n<ul class=\"wp-block-list\">\n<li>Thorger und Tristan Beckmann zu Feuerwehrm\u00e4nnern,<\/li>\n\n\n\n<li>Thore Jan\u00dfen, Matthis Just, Malte M\u00fcller und Till St\u00f6ver zu Oberfeuerwehrm\u00e4nnern,<\/li>\n\n\n\n<li>Rigo Peters zum Hauptfeuerwehrmann,<\/li>\n\n\n\n<li>Clemens Rodewald zum L\u00f6schmeister,<\/li>\n\n\n\n<li>Daniel Voigt zum Hauptl\u00f6schmeister<\/li>\n<\/ul>\n\n\n\n<p><\/p>\n\n\n\n<p>Geehrt wurden:<\/p>\n\n\n\n<p><\/p>\n\n\n\n<ul class=\"wp-block-list\">\n<li>Tobias W\u00fcstehube f\u00fcr 25 Jahre aktiven Dienst<\/li>\n\n\n\n<li>Heinrich Osmers f\u00fcr 50 Jahre Mitgliedschaft<\/li>\n\n\n\n<li>Heinz-Dieter Wigger f\u00fcr 50 Jahre Mitgliedschaft.<\/li>\n<\/ul>\n\n\n\n<p>Eine besondere Ehrung wurde<br>Reinhard M\u00fcller mit der Ehrennadel des Landesfeuerwehrbandes Niedersachsen in Bronze, f\u00fcr<br>sein langj\u00e4hriges hohes Engagement in der Feuerwehr, verliehen.<br>Der Kamerad Friedhelm Habekost wurde in die Altersabteilung verabschiedet.<br>Die Ehrungen hat der Kreisbrandmeister Dennis K\u00f6rte durchgef\u00fchrt.<\/p>\n\n\n\n<figure class=\"wp-block-image size-large\"><img fetchpriority=\"high\" decoding=\"async\" width=\"1024\" height=\"995\" src=\"https:\/\/www.feuerwehr-emtinghausen.de\/wp-content\/uploads\/2024\/03\/JHV-1024x995.png\" alt=\"\" class=\"wp-image-6551\" srcset=\"https:\/\/www.feuerwehr-emtinghausen.de\/wp-content\/uploads\/2024\/03\/JHV-1024x995.png 1024w, https:\/\/www.feuerwehr-emtinghausen.de\/wp-content\/uploads\/2024\/03\/JHV-300x292.png 300w, https:\/\/www.feuerwehr-emtinghausen.de\/wp-content\/uploads\/2024\/03\/JHV-768x746.png 768w, https:\/\/www.feuerwehr-emtinghausen.de\/wp-content\/uploads\/2024\/03\/JHV-1536x1493.png 1536w, https:\/\/www.feuerwehr-emtinghausen.de\/wp-content\/uploads\/2024\/03\/JHV-2048x1990.png 2048w\" sizes=\"(max-width: 1024px) 100vw, 1024px\" \/><\/figure>\n\n\n\n<p>Hinter Reihe von Links:<br>Kai H\u00fcbner, Rigo Peters, Clemens Rodewald, Daniel Voigt, Matthis Just, Thore Jan\u00dfen, Till St\u00f6ver, Malte M\u00fcller, Dennis K\u00f6rte<br>Vordere Reihe von Links:<br>Tristan Beckmann, Thorger Beckmann, Reinhard M\u00fcller, Heinz-Dieter Wigger, Heinrich Osmers, Tobias W\u00fcstehube<\/p>\n\n\n\n<p><\/p>\n\n\n\n<p>Zum Abschluss wurden noch Gru\u00dfworte von Dieter Mensen f\u00fcr die Samtgemeinde<br>Thedinghausen, Gerold Bremer f\u00fcr die Gemeinde Emtinghausen, Dennis K\u00f6rte f\u00fcr die<br>Kreisfeuerwehr Verden und Kai H\u00fcbner f\u00fcr die Gemeindefeuerwehr Thedinghausen vorgetragen.<\/p>\n","protected":false},"excerpt":{"rendered":"<p>[03.03.2024] &#8211; Am Freitag, 23.02.24 hat sich die Feuerwehr Emtinghausen zu ihrer letztenJahreshauptversammlung getroffen. Mit \u00fcber 50 Personen war diese wieder sehr gut besucht.Im Jahr<\/p>\n","protected":false},"author":2,"featured_media":6550,"comment_status":"closed","ping_status":"closed","sticky":false,"template":"","format":"standard","meta":{"_price":"","_stock":"","_tribe_ticket_header":"","_tribe_default_ticket_provider":"","_tribe_ticket_capacity":"0","_ticket_start_date":"","_ticket_end_date":"","_tribe_ticket_show_description":"","_tribe_ticket_show_not_going":false,"_tribe_ticket_use_global_stock":"","_tribe_ticket_global_stock_level":"","_global_stock_mode":"","_global_stock_cap":"","_tribe_rsvp_for_event":"","_tribe_ticket_going_count":"","_tribe_ticket_not_going_count":"","_tribe_tickets_list":"[]","_tribe_ticket_has_attendee_info_fields":false,"footnotes":""},"categories":[1,46],"tags":[],"class_list":["post-6543","post","type-post","status-publish","format-standard","has-post-thumbnail","hentry","category-uncategorized","category-berichte-2024"],"_links":{"self":[{"href":"https:\/\/www.feuerwehr-emtinghausen.de\/index.php\/wp-json\/wp\/v2\/posts\/6543","targetHints":{"allow":["GET"]}}],"collection":[{"href":"https:\/\/www.feuerwehr-emtinghausen.de\/index.php\/wp-json\/wp\/v2\/posts"}],"about":[{"href":"https:\/\/www.feuerwehr-emtinghausen.de\/index.php\/wp-json\/wp\/v2\/types\/post"}],"author":[{"embeddable":true,"href":"https:\/\/www.feuerwehr-emtinghausen.de\/index.php\/wp-json\/wp\/v2\/users\/2"}],"replies":[{"embeddable":true,"href":"https:\/\/www.feuerwehr-emtinghausen.de\/index.php\/wp-json\/wp\/v2\/comments?post=6543"}],"version-history":[{"count":7,"href":"https:\/\/www.feuerwehr-emtinghausen.de\/index.php\/wp-json\/wp\/v2\/posts\/6543\/revisions"}],"predecessor-version":[{"id":6552,"href":"https:\/\/www.feuerwehr-emtinghausen.de\/index.php\/wp-json\/wp\/v2\/posts\/6543\/revisions\/6552"}],"wp:featuredmedia":[{"embeddable":true,"href":"https:\/\/www.feuerwehr-emtinghausen.de\/index.php\/wp-json\/wp\/v2\/media\/6550"}],"wp:attachment":[{"href":"https:\/\/www.feuerwehr-emtinghausen.de\/index.php\/wp-json\/wp\/v2\/media?parent=6543"}],"wp:term":[{"taxonomy":"category","embeddable":true,"href":"https:\/\/www.feuerwehr-emtinghausen.de\/index.php\/wp-json\/wp\/v2\/categories?post=6543"},{"taxonomy":"post_tag","embeddable":true,"href":"https:\/\/www.feuerwehr-emtinghausen.de\/index.php\/wp-json\/wp\/v2\/tags?post=6543"}],"curies":[{"name":"wp","href":"https:\/\/api.w.org\/{rel}","templated":true}]}}