{"id":7875,"date":"2025-08-13T19:25:41","date_gmt":"2025-08-13T17:25:41","guid":{"rendered":"https:\/\/www.feuerwehr-emtinghausen.de\/?p=7875"},"modified":"2025-08-13T19:26:38","modified_gmt":"2025-08-13T17:26:38","slug":"feuer-2-unklares-feuer","status":"publish","type":"post","link":"https:\/\/www.feuerwehr-emtinghausen.de\/index.php\/2025\/08\/13\/feuer-2-unklares-feuer\/","title":{"rendered":"Feuer 2 &#8211; Unklares Feuer"},"content":{"rendered":"\n<p><strong>[13.08.2025]<\/strong> &#8211; Am Dienstagabend war die Jugendfeuerwehr gerade auf dem Weg zum \u00dcbungsplatz, als um 17:40 Uhr die Melder mit dem Einsatzstichwort \u201eF2 \u2013 Unklares Feuer\u201c ausl\u00f6sten.<\/p>\n\n\n\n<p>In der Leitstelle gingen zeitgleich mehrere Notrufe ein: \u00dcber Bahlum sei eine gro\u00dfe, dichte, schwarze Rauchs\u00e4ule zu sehen.<\/p>\n\n\n\n<p>Diese Beobachtung konnten wir bereits auf der Anfahrt best\u00e4tigen. An der Landkreisgrenze stellte sich jedoch heraus, dass es sich um einen M\u00e4hdrescher in Vollbrand im Landkreis Diepholz handelte. Die Ortswehr Uenzen befand sich bereits im L\u00f6scheinsatz.<\/p>\n\n\n\n<p>F\u00fcr uns war kein Eingreifen erforderlich, sodass wir wieder einsatzbereit ins Ger\u00e4tehaus einr\u00fcckten.<\/p>\n\n\n\n<div class=\"rl-gallery-container rl-loading\" id=\"rl-gallery-container-1\" data-gallery_id=\"7879\"> <div class=\"rl-gallery rl-basicgrid-gallery \" id=\"rl-gallery-1\" data-gallery_no=\"1\"> <div class=\"rl-gallery-item\"><a href=\"https:\/\/www.feuerwehr-emtinghausen.de\/wp-content\/uploads\/2025\/08\/84e30998-0ee9-4bf0-b87a-eab3b9ec9650-1.jpg\" title=\"\" data-rl_title=\"\" class=\"rl-gallery-link\" data-rl_caption=\"\" data-rel=\"lightbox-gallery-1\"><img decoding=\"async\" src=\"https:\/\/www.feuerwehr-emtinghausen.de\/wp-content\/uploads\/2025\/08\/84e30998-0ee9-4bf0-b87a-eab3b9ec9650-1-143x300.jpg\" width=\"143\" height=\"300\" alt=\"\" \/><\/a><\/div><div class=\"rl-gallery-item\"><a href=\"https:\/\/www.feuerwehr-emtinghausen.de\/wp-content\/uploads\/2025\/08\/92369c7b-0659-4a7f-8245-25e36da454d2-1.jpg\" title=\"\" data-rl_title=\"\" class=\"rl-gallery-link\" data-rl_caption=\"\" data-rel=\"lightbox-gallery-1\"><img fetchpriority=\"high\" decoding=\"async\" src=\"https:\/\/www.feuerwehr-emtinghausen.de\/wp-content\/uploads\/2025\/08\/92369c7b-0659-4a7f-8245-25e36da454d2-1-177x300.jpg\" width=\"177\" height=\"300\" alt=\"\" \/><\/a><\/div> <\/div> <\/div>\n","protected":false},"excerpt":{"rendered":"<p>[13.08.2025] &#8211; Am Dienstagabend war die Jugendfeuerwehr gerade auf dem Weg zum \u00dcbungsplatz, als um 17:40 Uhr die Melder mit dem Einsatzstichwort \u201eF2 \u2013 Unklares<\/p>\n","protected":false},"author":2,"featured_media":7878,"comment_status":"closed","ping_status":"closed","sticky":false,"template":"","format":"standard","meta":{"_price":"","_stock":"","_tribe_ticket_header":"","_tribe_default_ticket_provider":"","_tribe_ticket_capacity":"0","_ticket_start_date":"","_ticket_end_date":"","_tribe_ticket_show_description":"","_tribe_ticket_show_not_going":false,"_tribe_ticket_use_global_stock":"","_tribe_ticket_global_stock_level":"","_global_stock_mode":"","_global_stock_cap":"","_tribe_rsvp_for_event":"","_tribe_ticket_going_count":"","_tribe_ticket_not_going_count":"","_tribe_tickets_list":"[]","_tribe_ticket_has_attendee_info_fields":false,"footnotes":""},"categories":[17,62],"tags":[],"class_list":["post-7875","post","type-post","status-publish","format-standard","has-post-thumbnail","hentry","category-einsaetze","category-einsaetze-2025"],"_links":{"self":[{"href":"https:\/\/www.feuerwehr-emtinghausen.de\/index.php\/wp-json\/wp\/v2\/posts\/7875","targetHints":{"allow":["GET"]}}],"collection":[{"href":"https:\/\/www.feuerwehr-emtinghausen.de\/index.php\/wp-json\/wp\/v2\/posts"}],"about":[{"href":"https:\/\/www.feuerwehr-emtinghausen.de\/index.php\/wp-json\/wp\/v2\/types\/post"}],"author":[{"embeddable":true,"href":"https:\/\/www.feuerwehr-emtinghausen.de\/index.php\/wp-json\/wp\/v2\/users\/2"}],"replies":[{"embeddable":true,"href":"https:\/\/www.feuerwehr-emtinghausen.de\/index.php\/wp-json\/wp\/v2\/comments?post=7875"}],"version-history":[{"count":2,"href":"https:\/\/www.feuerwehr-emtinghausen.de\/index.php\/wp-json\/wp\/v2\/posts\/7875\/revisions"}],"predecessor-version":[{"id":7882,"href":"https:\/\/www.feuerwehr-emtinghausen.de\/index.php\/wp-json\/wp\/v2\/posts\/7875\/revisions\/7882"}],"wp:featuredmedia":[{"embeddable":true,"href":"https:\/\/www.feuerwehr-emtinghausen.de\/index.php\/wp-json\/wp\/v2\/media\/7878"}],"wp:attachment":[{"href":"https:\/\/www.feuerwehr-emtinghausen.de\/index.php\/wp-json\/wp\/v2\/media?parent=7875"}],"wp:term":[{"taxonomy":"category","embeddable":true,"href":"https:\/\/www.feuerwehr-emtinghausen.de\/index.php\/wp-json\/wp\/v2\/categories?post=7875"},{"taxonomy":"post_tag","embeddable":true,"href":"https:\/\/www.feuerwehr-emtinghausen.de\/index.php\/wp-json\/wp\/v2\/tags?post=7875"}],"curies":[{"name":"wp","href":"https:\/\/api.w.org\/{rel}","templated":true}]}}